
{"id":2365,"date":"2023-12-18T19:39:41","date_gmt":"2023-12-18T19:39:41","guid":{"rendered":"https:\/\/blog.beanfield.com\/?p=2365"},"modified":"2023-12-21T18:39:59","modified_gmt":"2023-12-21T18:39:59","slug":"pour-souligner-la-35e-annee-de-beanfield","status":"publish","type":"post","link":"https:\/\/blog.beanfield.com\/fr\/pour-souligner-la-35e-annee-de-beanfield\/","title":{"rendered":"Pour souligner la 35e ann\u00e9e de Beanfield"},"content":{"rendered":"<h2>2023 a \u00e9t\u00e9 une ann\u00e9e mouvement\u00e9e, pleine d&rsquo;opportunit\u00e9s, d&rsquo;innovation et de croissance.<\/h2>\n<p>&nbsp;<\/p>\n<p><img loading=\"lazy\" class=\"wp-image-2366 size-medium aligncenter\" src=\"https:\/\/blog.beanfield.com\/wp-content\/uploads\/2023\/12\/35years-Anniversary-Logo_FR-01-300x300.png\" alt=\"\" width=\"300\" height=\"300\" srcset=\"https:\/\/blog.beanfield.com\/wp-content\/uploads\/2023\/12\/35years-Anniversary-Logo_FR-01-300x300.png 300w, https:\/\/blog.beanfield.com\/wp-content\/uploads\/2023\/12\/35years-Anniversary-Logo_FR-01-1024x1024.png 1024w, https:\/\/blog.beanfield.com\/wp-content\/uploads\/2023\/12\/35years-Anniversary-Logo_FR-01-150x150.png 150w, https:\/\/blog.beanfield.com\/wp-content\/uploads\/2023\/12\/35years-Anniversary-Logo_FR-01-768x768.png 768w, https:\/\/blog.beanfield.com\/wp-content\/uploads\/2023\/12\/35years-Anniversary-Logo_FR-01-1536x1536.png 1536w, https:\/\/blog.beanfield.com\/wp-content\/uploads\/2023\/12\/35years-Anniversary-Logo_FR-01-2048x2048.png 2048w\" sizes=\"(max-width: 300px) 100vw, 300px\" \/><\/p>\n<p>Notre 35e ann\u00e9e d&rsquo;existence nous a incit\u00e9s \u00e0 nous pencher sur l&rsquo;histoire de Beanfield et sur tout ce que nous avons accompli, mais il est ind\u00e9niable que notre regard est r\u00e9solument tourn\u00e9 vers l&rsquo;avenir.<\/p>\n<p>Cette ann\u00e9e, nous avons commenc\u00e9 par renouveler notre engagement \u00e0 devenir une soci\u00e9t\u00e9 de t\u00e9l\u00e9communications nationale \u00e0 part enti\u00e8re et \u00e0 offrir aux familles et aux entreprises canadiennes une v\u00e9ritable alternative aux op\u00e9rateurs historiques. Nous avons proc\u00e9d\u00e9 \u00e0 un certain nombre de changements au niveau de l&rsquo;organisation afin de soutenir cet objectif. \u00c0 l&rsquo;\u00e9t\u00e9, nous <a href=\"https:\/\/blog.beanfield.com\/fr\/nouveau-partenariat-de-beanfield-avec-omers-infrastructure\/\" target=\"_blank\" rel=\"noopener\">avons trouv\u00e9 un nouveau partenaire ici m\u00eame en Ontario, OMERS Infrastructure<\/a>, qui comprenait et croyait en notre culture d&rsquo;entreprise, et qui soutenait notre d\u00e9sir de continuer \u00e0 construire notre r\u00e9seau \u00e0 travers le pays.<\/p>\n<p>L&rsquo;\u00e9t\u00e9 2023 a \u00e9galement vu <a href=\"https:\/\/blog.beanfield.com\/fr\/beanfield-nomme-lucie-laplante-au-poste-de-chef-des-finances-renforcement-de-lequipe-de-direction\/\" target=\"_blank\" rel=\"noopener\">la nomination de Lucie Laplante au poste de directrice financi\u00e8re<\/a>. Lucie apporte non seulement une grande expertise financi\u00e8re et op\u00e9rationnelle qui sera sans aucun doute d\u00e9terminante pour notre croissance, mais elle est aussi une adepte de la fa\u00e7on Beanfield. Selon ses propres mots :<\/p>\n<blockquote><p><img loading=\"lazy\" class=\"alignleft wp-image-1790 size-thumbnail\" src=\"https:\/\/blog.beanfield.com\/wp-content\/uploads\/2023\/06\/Social_Blog_LucieLaplante-150x150.png\" alt=\"\" width=\"150\" height=\"150\" \/>J\u2019ai toujours admir\u00e9 l\u2019engagement de Beanfield envers la collectivit\u00e9 et ses valeurs. Il est \u00e9vident qu\u2019elle exerce ses activit\u00e9s en portant une attention particuli\u00e8re au service \u00e0 la client\u00e8le, ce qui pour moi est un facteur de diff\u00e9renciation cl\u00e9 dans l\u2019industrie des t\u00e9l\u00e9communications. J\u2019ai h\u00e2te de travailler avec toute l\u2019\u00e9quipe et d\u2019appuyer la croissance continue de Beanfield.<\/p><\/blockquote>\n<p>&nbsp;<\/p>\n<h3>Parlons croissance \u2026<\/h3>\n<p>&nbsp;<\/p>\n<p>Beanfield compte aujourd&rsquo;hui <strong>472 employ\u00e9s<\/strong>, r\u00e9partis sur 6 sites dans 3 villes. Comme dans la plupart des entreprises du secteur technologique, les femmes sont relativement peu repr\u00e9sent\u00e9es. Cela dit, nous travaillons d&rsquo;arrache-pied pour rem\u00e9dier \u00e0 cette situation. Nous sommes fiers de voir de plus en plus de femmes talentueuses prosp\u00e9rer dans nos rangs !<\/p>\n<p><img loading=\"lazy\" class=\"wp-image-2387 aligncenter\" src=\"https:\/\/blog.beanfield.com\/wp-content\/uploads\/2023\/12\/FRgrowthInfo01_20231205-1-scaled.jpg\" alt=\"\" width=\"700\" height=\"483\" srcset=\"https:\/\/blog.beanfield.com\/wp-content\/uploads\/2023\/12\/FRgrowthInfo01_20231205-1-scaled.jpg 2560w, https:\/\/blog.beanfield.com\/wp-content\/uploads\/2023\/12\/FRgrowthInfo01_20231205-1-300x207.jpg 300w, https:\/\/blog.beanfield.com\/wp-content\/uploads\/2023\/12\/FRgrowthInfo01_20231205-1-1024x706.jpg 1024w, https:\/\/blog.beanfield.com\/wp-content\/uploads\/2023\/12\/FRgrowthInfo01_20231205-1-768x530.jpg 768w, https:\/\/blog.beanfield.com\/wp-content\/uploads\/2023\/12\/FRgrowthInfo01_20231205-1-1536x1059.jpg 1536w, https:\/\/blog.beanfield.com\/wp-content\/uploads\/2023\/12\/FRgrowthInfo01_20231205-1-2048x1412.jpg 2048w\" sizes=\"(max-width: 700px) 100vw, 700px\" \/><\/p>\n<p><img loading=\"lazy\" class=\"wp-image-2370 alignright\" src=\"https:\/\/blog.beanfield.com\/wp-content\/uploads\/2023\/12\/Certification-Badge_October-2023_FR-1.png\" alt=\"\" width=\"150\" height=\"255\" srcset=\"https:\/\/blog.beanfield.com\/wp-content\/uploads\/2023\/12\/Certification-Badge_October-2023_FR-1.png 3334w, https:\/\/blog.beanfield.com\/wp-content\/uploads\/2023\/12\/Certification-Badge_October-2023_FR-1-176x300.png 176w, https:\/\/blog.beanfield.com\/wp-content\/uploads\/2023\/12\/Certification-Badge_October-2023_FR-1-601x1024.png 601w, https:\/\/blog.beanfield.com\/wp-content\/uploads\/2023\/12\/Certification-Badge_October-2023_FR-1-768x1308.png 768w, https:\/\/blog.beanfield.com\/wp-content\/uploads\/2023\/12\/Certification-Badge_October-2023_FR-1-902x1536.png 902w, https:\/\/blog.beanfield.com\/wp-content\/uploads\/2023\/12\/Certification-Badge_October-2023_FR-1-1203x2048.png 1203w\" sizes=\"(max-width: 150px) 100vw, 150px\" \/><\/p>\n<p>Nous avons toujours \u00e9t\u00e9 fiers d&rsquo;\u00eatre une entreprise o\u00f9 il fait bon travailler. Mais maintenant, c\u2019est official ! En octobre 2023, <a href=\"https:\/\/blog.beanfield.com\/fr\/beanfield-est-in-lieu-de-travail-extraordinaire-et-on-a-la-preuve\/\" target=\"_blank\" rel=\"noopener\">Beanfield a obtenu la certification Great Place to Work\u2122 Canada<\/a>. Cette certification en dit long sur notre engagement \u00e0 d\u00e9velopper une culture de travail positive et \u00e0 donner la priorit\u00e9 au bien-\u00eatre des employ\u00e9s. Chez Beanfield, nous reconnaissons que notre \u00e9quipe est notre plus grand atout, et nous sommes fiers de cr\u00e9er un environnement o\u00f9 chaque employ\u00e9 se sent appr\u00e9ci\u00e9 et soutenu.<\/p>\n<p>&nbsp;<\/p>\n<h3><\/h3>\n<h3>Notre r\u00e9seau s&rsquo;est \u00e9galement agrandi<\/h3>\n<p>&nbsp;<\/p>\n<p>Voici quelques faits saillants de l&rsquo;expansion et de l&rsquo;am\u00e9lioration de notre r\u00e9seau en 2023 :<\/p>\n<ul>\n<li>Nous avons <strong>ajout\u00e9 142 km<\/strong> km de fibre optique \u00e0 notre r\u00e9seau, qui compte maintenant <strong>4 340 km <\/strong>;<\/li>\n<li>Nous avons connect\u00e9 <strong>59 \u00e9difices r\u00e9sidentiels<\/strong> et <strong>267 \u00e9difices commerciaux<\/strong> \u00e0 notre r\u00e9seau ;<\/li>\n<li>Nous avons \u00e9tendu le r\u00e9seau principal de Beanfield \u00e0 travers le pays, en apportant des services commerciaux et r\u00e9sidentiels \u00e0 Vancouver et Surrey ;<\/li>\n<li>Nous avons compl\u00e9t\u00e9 l&rsquo;amplification de notre r\u00e9seau central Metro Wave Toronto et Montr\u00e9al pour d\u00e9ployer des services 100G plus rapidement et sans r\u00e9g\u00e9n\u00e9rations co\u00fbteuses ;<\/li>\n<li>Nous avons racont\u00e9 les efforts h\u00e9ro\u00efques d\u00e9ploy\u00e9s par nos employ\u00e9s et nos sous-traitants pour r\u00e9parer notre r\u00e9seau apr\u00e8s <a href=\"https:\/\/blog.beanfield.com\/fr\/sonner-au-feu-ce-qui-se-passe-reellement-lors-dune-panne-dinternet\/\" target=\"_blank\" rel=\"noopener\">l&rsquo;incendie d&rsquo;une chambre de c\u00e2bles \u00e0 Montr\u00e9al<\/a> ;<\/li>\n<li>Nous avons expliqu\u00e9 comment nous avons <a href=\"https:\/\/blog.beanfield.com\/fr\/un-pas-vers-la-construction-durable\/\" target=\"_blank\" rel=\"noopener\">int\u00e9gr\u00e9 des outils \u00e9lectriques dans nos op\u00e9rations de construction de r\u00e9seau<\/a>, dans le cadre de notre engagement plus large en faveur du d\u00e9veloppement durable et de pratiques commerciales responsables ;<\/li>\n<li>Nous avons publi\u00e9 <a href=\"https:\/\/www.youtube.com\/watch?v=u9do9L4a8XY\" target=\"_blank\" rel=\"noopener\">Comment nous posons nos fibres<\/a> &#8211; un aper\u00e7u des coulisses de l&rsquo;ensemble du processus de construction du r\u00e9seau.<\/li>\n<\/ul>\n<div class=\"ast-oembed-container\" style=\"height: 100%;\"><iframe loading=\"lazy\" title=\"How We Lay Our Fibre\" width=\"500\" height=\"281\" src=\"https:\/\/www.youtube.com\/embed\/u9do9L4a8XY?start=35&#038;feature=oembed\" frameborder=\"0\" allow=\"accelerometer; autoplay; clipboard-write; encrypted-media; gyroscope; picture-in-picture; web-share\" allowfullscreen><\/iframe><\/div>\n<p>.<\/p>\n<h3>Le mois de juillet a \u00e9t\u00e9 marqu\u00e9 par des innovations de produits<\/h3>\n<p>&nbsp;<\/p>\n<p>Beanfield est fier de rendre les meilleures technologies accessibles \u00e0 ses clients r\u00e9sidentiels et professionnels. C&rsquo;est pourquoi nous innovons et am\u00e9liorons constamment notre offre de services. L&rsquo;ann\u00e9e 2023 n&rsquo;a pas fait exception. En juillet, nous avons lanc\u00e9 sur le march\u00e9 non pas un, mais deux produits qui changent la donne :<\/p>\n<p>Nos clients r\u00e9sidentiels ont vu leur service de base am\u00e9lior\u00e9, puisque nous avons doubl\u00e9 notre vitesse de t\u00e9l\u00e9chargement standard \u00e0 2 Gbps &#8211; sans frais suppl\u00e9mentaires ! Nous promettons des vitesses Internet r\u00e9sidentielles encore plus rapides dans un avenir proche&#8230; mais vous n&rsquo;en aurez probablement pas besoin !<\/p>\n<p><img loading=\"lazy\" class=\"wp-image-2148 size-medium alignleft\" style=\"font-weight: inherit;\" src=\"https:\/\/blog.beanfield.com\/wp-content\/uploads\/2023\/10\/Blog_OperatorConnect-300x157.png\" alt=\"\" width=\"300\" height=\"157\" srcset=\"https:\/\/blog.beanfield.com\/wp-content\/uploads\/2023\/10\/Blog_OperatorConnect-300x157.png 300w, https:\/\/blog.beanfield.com\/wp-content\/uploads\/2023\/10\/Blog_OperatorConnect-1024x536.png 1024w, https:\/\/blog.beanfield.com\/wp-content\/uploads\/2023\/10\/Blog_OperatorConnect-768x402.png 768w, https:\/\/blog.beanfield.com\/wp-content\/uploads\/2023\/10\/Blog_OperatorConnect.png 1201w\" sizes=\"(max-width: 300px) 100vw, 300px\" \/><\/p>\n<p>Sur le plan commercial, Beanfield a rejoint un groupe restreint de fournisseurs de t\u00e9l\u00e9communications canadiens pour tirer parti d&rsquo;<a href=\"https:\/\/blog.beanfield.com\/fr\/beanfield-se-joint-a-operator-connect-pour-microsoft-teams-afin-dameliorer-son-portefeuille-de-solutions-ucaas-vocales\/\" target=\"_blank\" rel=\"noopener\">Operator Connect<\/a> a<span style=\"font-size: 16px;\">fin d&rsquo;int\u00e9grer les appels \u00e0 Microsoft Teams. Fid\u00e8le \u00e0 son habitude, Beanfield est la seule entreprise de t\u00e9l\u00e9communications au Canada \u00e0 avoir structur\u00e9 son offre pour la rendre <\/span><a style=\"font-size: 16px; background-color: #ffffff;\" href=\"https:\/\/blog.beanfield.com\/beanfield-the-mid-market-operator-connect-provider\/\" target=\"_blank\" rel=\"noopener\">accessible aux petites et moyennes entreprises.<\/a><\/p>\n<p>&nbsp;<\/p>\n<h3><\/h3>\n<h3>Apr\u00e8s tout ce temps, nous sommes toujours l\u00e0 pour notre communaut\u00e9<\/h3>\n<p>&nbsp;<\/p>\n<p>Beanfield a \u00e9t\u00e9 fond\u00e9 dans un esprit militant. L&rsquo;histoire raconte que nos fondateurs \u00e9taient constern\u00e9s par le fait que les petites entreprises de leur communaut\u00e9 de Liberty Village souffraient d&rsquo;une mauvaise connectivit\u00e9 Internet. Ils ont donc d\u00e9cid\u00e9 de construire un r\u00e9seau de fibres optiques dans tout le quartier et nous prenons soin de notre communaut\u00e9 depuis.<\/p>\n<p>&nbsp;<\/p>\n<h3>Au niveau local \u2026<\/h3>\n<p>&nbsp;<\/p>\n<p><img loading=\"lazy\" class=\"wp-image-2106 size-medium alignleft\" src=\"https:\/\/blog.beanfield.com\/wp-content\/uploads\/2023\/09\/DSC_3675-1-1-300x200.jpg\" alt=\"\" width=\"300\" height=\"200\" srcset=\"https:\/\/blog.beanfield.com\/wp-content\/uploads\/2023\/09\/DSC_3675-1-1-300x200.jpg 300w, https:\/\/blog.beanfield.com\/wp-content\/uploads\/2023\/09\/DSC_3675-1-1-1024x683.jpg 1024w, https:\/\/blog.beanfield.com\/wp-content\/uploads\/2023\/09\/DSC_3675-1-1-768x512.jpg 768w, https:\/\/blog.beanfield.com\/wp-content\/uploads\/2023\/09\/DSC_3675-1-1-1536x1024.jpg 1536w, https:\/\/blog.beanfield.com\/wp-content\/uploads\/2023\/09\/DSC_3675-1-1-2048x1365.jpg 2048w\" sizes=\"(max-width: 300px) 100vw, 300px\" \/>Parmi d&rsquo;innombrables autres organisations et initiatives communautaires, Beanfield soutient depuis longtemps Sistema Toronto, une organisation locale qui offre une \u00e9ducation musicale et cr\u00e9e des opportunit\u00e9s pour les communaut\u00e9s mal desservies. Cette ann\u00e9e, Beanfield a <a href=\"https:\/\/blog.beanfield.com\/fr\/?p=2113\" target=\"_blank\" rel=\"noopener\">contribu\u00e9 au succ\u00e8s du 2023 Spirit Gala de Sistema Toronto<\/a> : un \u00e9v\u00e9nement annuel de collecte de fonds qui aide non seulement \u00e0 financer la programmation de Sistema, mais aussi \u00e0 b\u00e2tir une communaut\u00e9 autour du programme, de ses participants et de ses partisans.<\/p>\n<p><img loading=\"lazy\" class=\"wp-image-1757 size-medium alignright\" src=\"https:\/\/blog.beanfield.com\/wp-content\/uploads\/2023\/06\/BEANFIELDcFre\u0301de\u0301riqueMe\u0301nard-Aubin-0185-300x200.jpg\" alt=\"\" width=\"300\" height=\"200\" srcset=\"https:\/\/blog.beanfield.com\/wp-content\/uploads\/2023\/06\/BEANFIELDcFre\u0301de\u0301riqueMe\u0301nard-Aubin-0185-300x200.jpg 300w, https:\/\/blog.beanfield.com\/wp-content\/uploads\/2023\/06\/BEANFIELDcFre\u0301de\u0301riqueMe\u0301nard-Aubin-0185-768x512.jpg 768w, https:\/\/blog.beanfield.com\/wp-content\/uploads\/2023\/06\/BEANFIELDcFre\u0301de\u0301riqueMe\u0301nard-Aubin-0185.jpg 1024w\" sizes=\"(max-width: 300px) 100vw, 300px\" \/>En juin 2023, Beanfield s&rsquo;est associ\u00e9 \u00e0 evenko et est <a href=\"https:\/\/blog.beanfield.com\/fr\/le-theatre-corona-devient-le-theatre-beanfield\/\" target=\"_blank\" rel=\"noopener\">devenu le commanditaire attitr\u00e9<\/a> de l&rsquo;un des plus beaux lieux culturels de Montr\u00e9al, situ\u00e9 au c\u0153ur de la Petite-Bourgogne : le c\u00e9l\u00e8bre et historique Th\u00e9\u00e2tre Corona. D\u00e9sormais connu sous le nom de <a href=\"https:\/\/www.youtube.com\/watch?v=NabF9JrZ_Q0\" target=\"_blank\" rel=\"noopener\">Th\u00e9\u00e2tre Beanfield<\/a>, il sera le meilleur tremplin de la ville pour les artistes \u00e9mergents. Afin d&rsquo;offrir au public et aux artistes une exp\u00e9rience de classe mondiale, la salle r\u00e9nov\u00e9e sera dot\u00e9e de coulisses am\u00e9lior\u00e9es, ainsi que de l&rsquo;Internet haute vitesse par fibre optique de Beanfield.<\/p>\n<p><img loading=\"lazy\" class=\"wp-image-1482 size-medium alignleft\" src=\"https:\/\/blog.beanfield.com\/wp-content\/uploads\/2019\/07\/pride-profile-300x169.png\" alt=\"\" width=\"300\" height=\"169\" srcset=\"https:\/\/blog.beanfield.com\/wp-content\/uploads\/2019\/07\/pride-profile-300x169.png 300w, https:\/\/blog.beanfield.com\/wp-content\/uploads\/2019\/07\/pride-profile-768x432.png 768w, https:\/\/blog.beanfield.com\/wp-content\/uploads\/2019\/07\/pride-profile.png 880w\" sizes=\"(max-width: 300px) 100vw, 300px\" \/>Cette ann\u00e9e, plus que jamais, nous avons estim\u00e9 qu&rsquo;il \u00e9tait de la plus haute importance de c\u00e9l\u00e9brer la Fiert\u00e9 \u00e0 Toronto et \u00e0 Montr\u00e9al. Les membres de la communaut\u00e9 torontoise ont pu assister \u00e0 la <a href=\"https:\/\/www.youtube.com\/watch?v=HqiN9M6O4mg\" target=\"_blank\" rel=\"noopener\">deuxi\u00e8me \u00e9dition de Pride Primer<\/a>, une f\u00eate familiale organis\u00e9e au Bentway de Toronto au profit de Friends of Ruby. \u00c0 Montr\u00e9al, nous avons fait \u00e9quipe avec Fiert\u00e9 Montr\u00e9al pour produire Connexion Montr\u00e9al, un cabaret queer mettant en vedette des artistes \u00e9mergents, au profit de Jeunesse Lambda. En tant qu&rsquo;entreprise fond\u00e9e et dirig\u00e9e par des membres de la communaut\u00e9 2SLGBTQA+, le mois de la fiert\u00e9 occupe non seulement une place sp\u00e9ciale dans nos c\u0153urs, mais rev\u00eat \u00e9galement une importance vitale dans nos vies. Malheureusement, nous avons l&rsquo;habitude de recevoir quelques messages de haine et d&rsquo;intol\u00e9rance lorsque nous annon\u00e7ons que nous organisons ou parrainons un \u00e9v\u00e9nement de la Fiert\u00e9, mais cette ann\u00e9e, nous avons constat\u00e9 avec tristesse que les r\u00e9actions \u00e9taient plus inqui\u00e9tantes que jamais. Cela dit, <a href=\"https:\/\/blog.beanfield.com\/pride-our-unwavering-stance-in-the-face-of-hate\/\" target=\"_blank\" rel=\"noopener\">nous ne nous laissons pas d\u00e9courager<\/a> et nous continuerons \u00e0 embrasser l&rsquo;histoire de l&rsquo;activisme et de la responsabilit\u00e9 que repr\u00e9sente la Fiert\u00e9.<\/p>\n<p>&nbsp;<\/p>\n<h3>Et en d\u00e9fendant la justice, l&rsquo;\u00e9quit\u00e9 et l&rsquo;acc\u00e8s<\/h3>\n<p>&nbsp;<\/p>\n<p><img loading=\"lazy\" class=\"wp-image-2070 size-medium alignleft\" src=\"https:\/\/blog.beanfield.com\/wp-content\/uploads\/2023\/08\/BLOG1-300x169.jpg\" alt=\"\" width=\"300\" height=\"169\" srcset=\"https:\/\/blog.beanfield.com\/wp-content\/uploads\/2023\/08\/BLOG1-300x169.jpg 300w, https:\/\/blog.beanfield.com\/wp-content\/uploads\/2023\/08\/BLOG1-1024x576.jpg 1024w, https:\/\/blog.beanfield.com\/wp-content\/uploads\/2023\/08\/BLOG1-768x432.jpg 768w, https:\/\/blog.beanfield.com\/wp-content\/uploads\/2023\/08\/BLOG1-1536x864.jpg 1536w, https:\/\/blog.beanfield.com\/wp-content\/uploads\/2023\/08\/BLOG1-2048x1152.jpg 2048w\" sizes=\"(max-width: 300px) 100vw, 300px\" \/>Nous avons pour mission de rendre la connectivit\u00e9 aussi accessible que l&rsquo;eau potable et l&rsquo;\u00e9lectricit\u00e9, et de faire en sorte que personne ne soit laiss\u00e9 de c\u00f4t\u00e9. Qu&rsquo;il s&rsquo;agisse de prix abusifs (lorsque les concurrents fixent leurs prix \u00e0 un niveau inf\u00e9rieur \u00e0 leurs co\u00fbts pour s&rsquo;assurer d&rsquo;\u00e9touffer la croissance des autres) ou de pratiques monopolistiques (planifier avec les promoteurs pour approvisionner en gros un b\u00e2timent &#8211; en refusant le choix aux r\u00e9sidents et en emp\u00eachant la concurrence), la lutte pour une concurrence \u00e9quitable entre les entreprises de t\u00e9l\u00e9communications, ainsi que pour la transparence et l&rsquo;acc\u00e8s pour tous les Canadiens, est une bataille ardue. Mais en 2023, nous \u00e9tions l\u00e0 pour \u00e7a !<\/p>\n<p>En octobre 2023, nous avons d\u00e9pos\u00e9 une <a href=\"https:\/\/blog.beanfield.com\/fr\/votre-internet-votre-decision\/\" target=\"_blank\" rel=\"noopener\">\u00ab\u00a0demande de partie 1\u00a0\u00bb aupr\u00e8s du CRTC<\/a>, lui demandant de mettre un terme \u00e0 la pratique anticoncurrentielle et d\u00e9plorable consistant \u00e0 conclure des accords en gros avec les promoteurs d&rsquo;immeubles \u00e0 logements multiples, privant ainsi les futurs r\u00e9sidents du choix de leur fournisseur. En plus de lutter pour un environment plus comp\u00e9titif et plus \u00e9quitable pour l&rsquo;industrie <a href=\"https:\/\/blog.beanfield.com\/public-policy-in-the-telecom-market\/\" target=\"_blank\" rel=\"noopener\">au niveau politique<\/a>, nous aidons \u00e0 combler le foss\u00e9 num\u00e9rique partout o\u00f9 nous le pouvons. Depuis juillet 2023, Beanfield participe \u00e0 <a href=\"https:\/\/blog.beanfield.com\/fr\/familles-branchees\/\">l&rsquo;initiative Familles branch\u00e9es<\/a> en offrant aux familles \u00e9ligibles la possibilit\u00e9 d&rsquo;acc\u00e9der \u00e0 l&rsquo;internet \u00e0 haut d\u00e9bit \u00e0 un co\u00fbt inf\u00e9rieur \u00e0 celui du march\u00e9.<\/p>\n<p>&nbsp;<\/p>\n<p>Merci \u00e0 tous nos employ\u00e9s et clients qui ont fait de cette ann\u00e9e une autre ann\u00e9e monumentale. C&rsquo;est gr\u00e2ce \u00e0 vous que nous continuons \u00e0 nous d\u00e9velopper et \u00e0 nous efforcer de fournir une connectivit\u00e9 fiable d&rsquo;un oc\u00e9an \u00e0 l&rsquo;autre.<\/p>\n<p><strong>Comme il se doit.<\/strong><\/p>\n","protected":false},"excerpt":{"rendered":"<p>2023 a \u00e9t\u00e9 une ann\u00e9e mouvement\u00e9e, pleine d&rsquo;opportunit\u00e9s, d&rsquo;innovation et de croissance. &nbsp; Notre 35e ann\u00e9e d&rsquo;existence nous a incit\u00e9s \u00e0 nous pencher sur l&rsquo;histoire de Beanfield et sur tout ce que nous avons accompli, mais il est ind\u00e9niable que notre regard est r\u00e9solument tourn\u00e9 vers l&rsquo;avenir. Cette ann\u00e9e, nous avons commenc\u00e9 par renouveler notre &hellip;<\/p>\n<p class=\"read-more\"> <a class=\"\" href=\"https:\/\/blog.beanfield.com\/fr\/pour-souligner-la-35e-annee-de-beanfield\/\"> <span class=\"screen-reader-text\">Pour souligner la 35e ann\u00e9e de Beanfield<\/span> Lire la suite\u00a0\u00bb<\/a><\/p>\n","protected":false},"author":1,"featured_media":2389,"comment_status":"open","ping_status":"open","sticky":false,"template":"","format":"standard","meta":{"site-sidebar-layout":"default","site-content-layout":"default","ast-global-header-display":"","ast-main-header-display":"","ast-hfb-above-header-display":"","ast-hfb-below-header-display":"","ast-hfb-mobile-header-display":"","site-post-title":"","ast-breadcrumbs-content":"","ast-featured-img":"","footer-sml-layout":"","theme-transparent-header-meta":"default","adv-header-id-meta":"","stick-header-meta":"","header-above-stick-meta":"","header-main-stick-meta":"","header-below-stick-meta":""},"categories":[295],"tags":[],"acf":[],"_links":{"self":[{"href":"https:\/\/blog.beanfield.com\/fr\/wp-json\/wp\/v2\/posts\/2365"}],"collection":[{"href":"https:\/\/blog.beanfield.com\/fr\/wp-json\/wp\/v2\/posts"}],"about":[{"href":"https:\/\/blog.beanfield.com\/fr\/wp-json\/wp\/v2\/types\/post"}],"author":[{"embeddable":true,"href":"https:\/\/blog.beanfield.com\/fr\/wp-json\/wp\/v2\/users\/1"}],"replies":[{"embeddable":true,"href":"https:\/\/blog.beanfield.com\/fr\/wp-json\/wp\/v2\/comments?post=2365"}],"version-history":[{"count":13,"href":"https:\/\/blog.beanfield.com\/fr\/wp-json\/wp\/v2\/posts\/2365\/revisions"}],"predecessor-version":[{"id":2400,"href":"https:\/\/blog.beanfield.com\/fr\/wp-json\/wp\/v2\/posts\/2365\/revisions\/2400"}],"wp:featuredmedia":[{"embeddable":true,"href":"https:\/\/blog.beanfield.com\/fr\/wp-json\/wp\/v2\/media\/2389"}],"wp:attachment":[{"href":"https:\/\/blog.beanfield.com\/fr\/wp-json\/wp\/v2\/media?parent=2365"}],"wp:term":[{"taxonomy":"category","embeddable":true,"href":"https:\/\/blog.beanfield.com\/fr\/wp-json\/wp\/v2\/categories?post=2365"},{"taxonomy":"post_tag","embeddable":true,"href":"https:\/\/blog.beanfield.com\/fr\/wp-json\/wp\/v2\/tags?post=2365"}],"curies":[{"name":"wp","href":"https:\/\/api.w.org\/{rel}","templated":true}]}}